{"id":17016,"date":"2019-08-02T02:00:13","date_gmt":"2019-08-02T00:00:13","guid":{"rendered":"https:\/\/spindle.team\/?p=17016"},"modified":"2020-05-12T14:10:51","modified_gmt":"2020-05-12T12:10:51","slug":"las-cronicas-del-verano-4a-escala-el-nuevo-equilibrio-es-el-desequilibrio","status":"publish","type":"post","link":"https:\/\/spindle.team\/es\/las-cronicas-del-verano-4a-escala-el-nuevo-equilibrio-es-el-desequilibrio\/","title":{"rendered":"Las cronicas del verano 4\u00aa escala: \u00a1el nuevo equilibrio es el desequilibrio!"},"content":{"rendered":"<p style=\"text-align: justify;\"><img loading=\"lazy\" decoding=\"async\" class=\"wp-image-17019 aligncenter\" src=\"https:\/\/spindle.team\/wp-content\/uploads\/2019\/07\/Image1-1-300x97.png\" alt=\"\" width=\"1061\" height=\"343\" \/><\/p>\n<p style=\"text-align: justify;\"><span style=\"font-size: 14pt;\"><img loading=\"lazy\" decoding=\"async\" class=\"wp-image-16971 aligncenter\" src=\"https:\/\/spindle.team\/wp-content\/uploads\/2019\/07\/texte-concept-espagnole-e1563867725966-300x34.png\" alt=\"\" width=\"2173\" height=\"247\" \/><\/span><\/p>\n<p style=\"text-align: justify;\"><span style=\"font-size: 12pt;\">Hace unas semanas, una de nuestras clientes nos comparti\u00f3 su cuestionamiento actual: \u201cEn su opini\u00f3n, \u00bfcu\u00e1l es el nuevo equilibrio de las Organizaciones?\u201d. Cuando se le pidi\u00f3 que interviniera sobre este tema, comparti\u00f3 esta pregunta al auditorio para confrontar sus representaciones. Buen reflejo y pregunta curiosa&#8230; pero muy estimulante! Mencionar los nuevos equilibrios en medio de un per\u00edodo de desequilibrio (turbulencia, bifurcaci\u00f3n, cambio de paradigma&#8230; Cf. nuestra primera escala) nos pareci\u00f3 al principio muy incongruente. Al\u00a0 pensarlo con m\u00e1s detenimiento, este problema refleja una creencia que nos parece generalizada: \u00abBueno, el per\u00edodo no es f\u00e1cil con la revoluci\u00f3n digital, la inteligencia artificial y sus robots que est\u00e1n al caer, una ira social que ruge y se adorna de amarillo (en referencia a los chalecos amarillos en Francia), nuestro planeta que se vuelve rojo vivo&#8230; pero bueno, una vez que pase la tormenta, iniciaremos de nuevo un per\u00edodo de estabilidad&#8230;. tranquilitos como antes&#8230;\u00bb. Todo el mundo sospecha que no ser\u00e1 exactamente como era antes, pero todos abren su paraguas hasta que el sol regrese para muchos a\u00f1os&#8230; y muchos l\u00edderes a unos pocos pasos de la jubilaci\u00f3n siguen pensando en voz baja \u00abDespu\u00e9s de m\u00ed, el diluvio universal&#8230;\u00bb sin soltar el poder.<\/span><\/p>\n<p>&nbsp;<\/p>\n<p style=\"text-align: justify;\"><span style=\"font-size: 12pt;\">\u00a0<img loading=\"lazy\" decoding=\"async\" class=\"alignnone wp-image-17018\" src=\"https:\/\/spindle.team\/wp-content\/uploads\/2019\/07\/nuevo-300x19.png\" alt=\"\" width=\"474\" height=\"30\" \/><\/span><\/p>\n<p style=\"text-align: justify;\"><span style=\"font-size: 12pt;\">Bueno, no critiquemos a los optimistas o a los que niegan esta realidad ya que defendemos la imposibilidad de predecir con certeza&#8230;. aceptemos pues que no sabemos&#8230; \u00a1as\u00ed que tal vez tengan raz\u00f3n! Sin embargo, nosotros planteamos el supuesto de que este nuevo equilibrio podr\u00eda ser el desequilibrio&#8230;. Para apoyar esta visi\u00f3n, ser\u00eda muy \u00fatil leer las Cr\u00f3nicas anteriores (www.spindle.team), pero como no queremos imponerles deberes en este per\u00edodo de libertad regenerativa, he aqu\u00ed algunos argumentos para comprender nuestro punto de vista.<\/span><\/p>\n<p style=\"text-align: justify;\"><span style=\"font-size: 12pt;\">Volvamos a mirar: desde hace tiempo, observamos (con cifras que lo respaldan) una aceleraci\u00f3n de las innovaciones tecnol\u00f3gicas que ahora ofrecen, con frenes\u00ed, muchos productos y servicios que est\u00e1n superando las visiones m\u00e1s vanguardistas que nos propon\u00edan las obras de ciencia ficci\u00f3n de nuestra juventud. Impulsados por esta carrera fren\u00e9tica (\u00a1cuidado con la velocidad!), nuestros entornos econ\u00f3micos, ecol\u00f3gicos, e incluso sociales y pol\u00edticos se aceleran a su vez. Una espiral viciosa o virtuosa, cada uno tendr\u00e1 su propia opini\u00f3n sobre el tema.<\/span><\/p>\n<p>&nbsp;<\/p>\n<p><span style=\"font-size: 12pt;\"><img loading=\"lazy\" decoding=\"async\" class=\"alignnone wp-image-17017\" src=\"https:\/\/spindle.team\/wp-content\/uploads\/2019\/07\/todos-300x22.png\" alt=\"\" width=\"395\" height=\"29\" \/><\/span><\/p>\n<p style=\"text-align: justify;\"><span style=\"font-size: 12pt;\">En cuanto a las Organizaciones, ya sean p\u00fablicas o privadas, el impacto es enorme. Como el verano es propicio para los deportes al aire libre y la hora es la del maillot amarillo, nos atrevemos a hacer una analog\u00eda: obligados a moverse a toda velocidad en sus bicicletas, deben llevar consigo todos sus componentes equip\u00e1ndose a la par de potentes motores el\u00e9ctricos&#8230;. \u00a1sin poder detenerse! Porque ya no es posible poner un pie en el suelo para mejorar su equipo o desarrollar habilidades. Haciendo frente a vientos de cara, experimentando de manera regular algunas tormentas, sus l\u00edderes avanzan en desequilibrio, lamentando frecuentemente haber optado por las Escuelas de Negocios o Ingenier\u00eda en lugar de los cursos de funambulismo.<\/span><\/p>\n<p style=\"text-align: justify;\"><span style=\"font-size: 12pt;\">Aceptar que el nuevo equilibrio del ahora reside en el desequilibrio ya es el primer paso&#8230;. Porque para avanzar constantemente y adaptarse cada d\u00eda, es necesario atravesar los momentos de desequilibrio&#8230; actualizar continuamente sus propias representaciones y convicciones, innovar en las propias pr\u00e1cticas, transformar los modos de interacci\u00f3n con los clientes, proveedores, colegas, convivir con el riesgo de caerse, levantarse, triunfar&#8230;.<\/span><\/p>\n<p style=\"text-align: justify;\"><span style=\"font-size: 12pt;\">Vencer sin peligros es triunfar sin gloria&#8230; \u00a1Hagamos de los desaf\u00edos de hoy nuestro orgullo de ma\u00f1ana!<\/span><\/p>\n<p>&nbsp;<\/p>\n<p>&nbsp;<\/p>\n<p>&nbsp;<\/p>\n","protected":false},"excerpt":{"rendered":"<p>Hace unas semanas, una de nuestras clientes nos comparti\u00f3 su cuestionamiento actual: \u201cEn su opini\u00f3n, \u00bfcu\u00e1l es el nuevo equilibrio de las Organizaciones?\u201d. Cuando se le pidi\u00f3 que interviniera sobre este tema, comparti\u00f3 esta pregunta al auditorio para confrontar sus representaciones. Buen reflejo y pregunta curiosa&#8230; pero muy estimulante! Mencionar los nuevos equilibrios en medio [&hellip;]<\/p>\n","protected":false},"author":3,"featured_media":17141,"comment_status":"open","ping_status":"open","sticky":false,"template":"","format":"standard","meta":{"_et_pb_use_builder":"","_et_pb_old_content":"","_et_gb_content_width":"","footnotes":""},"categories":[62],"tags":[],"class_list":["post-17016","post","type-post","status-publish","format-standard","has-post-thumbnail","hentry","category-articulo"],"yoast_head":"<!-- This site is optimized with the Yoast SEO plugin v27.5 - https:\/\/yoast.com\/product\/yoast-seo-wordpress\/ -->\n<title>Las cronicas del verano 4\u00aa escala: \u00a1el nuevo equilibrio es el desequilibrio! - Spindle<\/title>\n<meta name=\"robots\" content=\"noindex, follow\" \/>\n<meta property=\"og:locale\" content=\"es_ES\" \/>\n<meta property=\"og:type\" content=\"article\" \/>\n<meta property=\"og:title\" content=\"Las cronicas del verano 4\u00aa escala: \u00a1el nuevo equilibrio es el desequilibrio! - Spindle\" \/>\n<meta property=\"og:description\" content=\"Hace unas semanas, una de nuestras clientes nos comparti\u00f3 su cuestionamiento actual: \u201cEn su opini\u00f3n, \u00bfcu\u00e1l es el nuevo equilibrio de las Organizaciones?\u201d. Cuando se le pidi\u00f3 que interviniera sobre este tema, comparti\u00f3 esta pregunta al auditorio para confrontar sus representaciones. Buen reflejo y pregunta curiosa&#8230; pero muy estimulante! Mencionar los nuevos equilibrios en medio [&hellip;]\" \/>\n<meta property=\"og:url\" content=\"https:\/\/spindle.team\/es\/las-cronicas-del-verano-4a-escala-el-nuevo-equilibrio-es-el-desequilibrio\/\" \/>\n<meta property=\"og:site_name\" content=\"Spindle\" \/>\n<meta property=\"article:published_time\" content=\"2019-08-02T00:00:13+00:00\" \/>\n<meta property=\"article:modified_time\" content=\"2020-05-12T12:10:51+00:00\" \/>\n<meta property=\"og:image\" content=\"https:\/\/spindle.team\/wp-content\/uploads\/2019\/08\/Image2.png\" \/>\n\t<meta property=\"og:image:width\" content=\"1830\" \/>\n\t<meta property=\"og:image:height\" content=\"1125\" \/>\n\t<meta property=\"og:image:type\" content=\"image\/png\" \/>\n<meta name=\"author\" content=\"Thomas\" \/>\n<meta name=\"twitter:card\" content=\"summary_large_image\" \/>\n<meta name=\"twitter:creator\" content=\"@SpindleAgile\" \/>\n<meta name=\"twitter:site\" content=\"@SpindleAgile\" \/>\n<meta name=\"twitter:label1\" content=\"Escrito por\" \/>\n\t<meta name=\"twitter:data1\" content=\"Thomas\" \/>\n\t<meta name=\"twitter:label2\" content=\"Tiempo de lectura\" \/>\n\t<meta name=\"twitter:data2\" content=\"3 minutos\" \/>\n<script type=\"application\/ld+json\" class=\"yoast-schema-graph\">{\"@context\":\"https:\\\/\\\/schema.org\",\"@graph\":[{\"@type\":\"Article\",\"@id\":\"https:\\\/\\\/spindle.team\\\/es\\\/las-cronicas-del-verano-4a-escala-el-nuevo-equilibrio-es-el-desequilibrio\\\/#article\",\"isPartOf\":{\"@id\":\"https:\\\/\\\/spindle.team\\\/es\\\/las-cronicas-del-verano-4a-escala-el-nuevo-equilibrio-es-el-desequilibrio\\\/\"},\"author\":{\"name\":\"Thomas\",\"@id\":\"https:\\\/\\\/spindle.team\\\/#\\\/schema\\\/person\\\/8f75bbb801059c52a142c244a75f751e\"},\"headline\":\"Las cronicas del verano 4\u00aa escala: \u00a1el nuevo equilibrio es el desequilibrio!\",\"datePublished\":\"2019-08-02T00:00:13+00:00\",\"dateModified\":\"2020-05-12T12:10:51+00:00\",\"mainEntityOfPage\":{\"@id\":\"https:\\\/\\\/spindle.team\\\/es\\\/las-cronicas-del-verano-4a-escala-el-nuevo-equilibrio-es-el-desequilibrio\\\/\"},\"wordCount\":621,\"commentCount\":0,\"publisher\":{\"@id\":\"https:\\\/\\\/spindle.team\\\/#organization\"},\"image\":{\"@id\":\"https:\\\/\\\/spindle.team\\\/es\\\/las-cronicas-del-verano-4a-escala-el-nuevo-equilibrio-es-el-desequilibrio\\\/#primaryimage\"},\"thumbnailUrl\":\"https:\\\/\\\/spindle.team\\\/wp-content\\\/uploads\\\/2019\\\/08\\\/Image2.png\",\"articleSection\":[\"articulo\"],\"inLanguage\":\"es\"},{\"@type\":\"WebPage\",\"@id\":\"https:\\\/\\\/spindle.team\\\/es\\\/las-cronicas-del-verano-4a-escala-el-nuevo-equilibrio-es-el-desequilibrio\\\/\",\"url\":\"https:\\\/\\\/spindle.team\\\/es\\\/las-cronicas-del-verano-4a-escala-el-nuevo-equilibrio-es-el-desequilibrio\\\/\",\"name\":\"Las cronicas del verano 4\u00aa escala: \u00a1el nuevo equilibrio es el desequilibrio! - Spindle\",\"isPartOf\":{\"@id\":\"https:\\\/\\\/spindle.team\\\/#website\"},\"primaryImageOfPage\":{\"@id\":\"https:\\\/\\\/spindle.team\\\/es\\\/las-cronicas-del-verano-4a-escala-el-nuevo-equilibrio-es-el-desequilibrio\\\/#primaryimage\"},\"image\":{\"@id\":\"https:\\\/\\\/spindle.team\\\/es\\\/las-cronicas-del-verano-4a-escala-el-nuevo-equilibrio-es-el-desequilibrio\\\/#primaryimage\"},\"thumbnailUrl\":\"https:\\\/\\\/spindle.team\\\/wp-content\\\/uploads\\\/2019\\\/08\\\/Image2.png\",\"datePublished\":\"2019-08-02T00:00:13+00:00\",\"dateModified\":\"2020-05-12T12:10:51+00:00\",\"breadcrumb\":{\"@id\":\"https:\\\/\\\/spindle.team\\\/es\\\/las-cronicas-del-verano-4a-escala-el-nuevo-equilibrio-es-el-desequilibrio\\\/#breadcrumb\"},\"inLanguage\":\"es\",\"potentialAction\":[{\"@type\":\"ReadAction\",\"target\":[\"https:\\\/\\\/spindle.team\\\/es\\\/las-cronicas-del-verano-4a-escala-el-nuevo-equilibrio-es-el-desequilibrio\\\/\"]}]},{\"@type\":\"ImageObject\",\"inLanguage\":\"es\",\"@id\":\"https:\\\/\\\/spindle.team\\\/es\\\/las-cronicas-del-verano-4a-escala-el-nuevo-equilibrio-es-el-desequilibrio\\\/#primaryimage\",\"url\":\"https:\\\/\\\/spindle.team\\\/wp-content\\\/uploads\\\/2019\\\/08\\\/Image2.png\",\"contentUrl\":\"https:\\\/\\\/spindle.team\\\/wp-content\\\/uploads\\\/2019\\\/08\\\/Image2.png\",\"width\":1830,\"height\":1125},{\"@type\":\"BreadcrumbList\",\"@id\":\"https:\\\/\\\/spindle.team\\\/es\\\/las-cronicas-del-verano-4a-escala-el-nuevo-equilibrio-es-el-desequilibrio\\\/#breadcrumb\",\"itemListElement\":[{\"@type\":\"ListItem\",\"position\":1,\"name\":\"Accueil\",\"item\":\"https:\\\/\\\/spindle.team\\\/es\\\/\"},{\"@type\":\"ListItem\",\"position\":2,\"name\":\"Las cronicas del verano 4\u00aa escala: \u00a1el nuevo equilibrio es el desequilibrio!\"}]},{\"@type\":\"WebSite\",\"@id\":\"https:\\\/\\\/spindle.team\\\/#website\",\"url\":\"https:\\\/\\\/spindle.team\\\/\",\"name\":\"Spindle\",\"description\":\"agile interactions\",\"publisher\":{\"@id\":\"https:\\\/\\\/spindle.team\\\/#organization\"},\"potentialAction\":[{\"@type\":\"SearchAction\",\"target\":{\"@type\":\"EntryPoint\",\"urlTemplate\":\"https:\\\/\\\/spindle.team\\\/?s={search_term_string}\"},\"query-input\":{\"@type\":\"PropertyValueSpecification\",\"valueRequired\":true,\"valueName\":\"search_term_string\"}}],\"inLanguage\":\"es\"},{\"@type\":\"Organization\",\"@id\":\"https:\\\/\\\/spindle.team\\\/#organization\",\"name\":\"Spindle\",\"url\":\"https:\\\/\\\/spindle.team\\\/\",\"logo\":{\"@type\":\"ImageObject\",\"inLanguage\":\"es\",\"@id\":\"https:\\\/\\\/spindle.team\\\/#\\\/schema\\\/logo\\\/image\\\/\",\"url\":\"https:\\\/\\\/spindle.team\\\/wp-content\\\/uploads\\\/2020\\\/09\\\/newlogo-spindle-1-e1600856111458.png\",\"contentUrl\":\"https:\\\/\\\/spindle.team\\\/wp-content\\\/uploads\\\/2020\\\/09\\\/newlogo-spindle-1-e1600856111458.png\",\"width\":1200,\"height\":399,\"caption\":\"Spindle\"},\"image\":{\"@id\":\"https:\\\/\\\/spindle.team\\\/#\\\/schema\\\/logo\\\/image\\\/\"},\"sameAs\":[\"https:\\\/\\\/x.com\\\/SpindleAgile\",\"https:\\\/\\\/www.linkedin.com\\\/company\\\/spindle-agile\\\/\",\"https:\\\/\\\/www.youtube.com\\\/channel\\\/UCDC9QfB44OWw0fo86fPCXyg\"]},{\"@type\":\"Person\",\"@id\":\"https:\\\/\\\/spindle.team\\\/#\\\/schema\\\/person\\\/8f75bbb801059c52a142c244a75f751e\",\"name\":\"Thomas\",\"image\":{\"@type\":\"ImageObject\",\"inLanguage\":\"es\",\"@id\":\"https:\\\/\\\/secure.gravatar.com\\\/avatar\\\/7d80e1128f61d46eafefb4bd43fa402c9cc3c2b4031551c1aa6df4ceb0ff7399?s=96&d=mm&r=g\",\"url\":\"https:\\\/\\\/secure.gravatar.com\\\/avatar\\\/7d80e1128f61d46eafefb4bd43fa402c9cc3c2b4031551c1aa6df4ceb0ff7399?s=96&d=mm&r=g\",\"contentUrl\":\"https:\\\/\\\/secure.gravatar.com\\\/avatar\\\/7d80e1128f61d46eafefb4bd43fa402c9cc3c2b4031551c1aa6df4ceb0ff7399?s=96&d=mm&r=g\",\"caption\":\"Thomas\"}}]}<\/script>\n<!-- \/ Yoast SEO plugin. -->","yoast_head_json":{"title":"Las cronicas del verano 4\u00aa escala: \u00a1el nuevo equilibrio es el desequilibrio! - Spindle","robots":{"index":"noindex","follow":"follow"},"og_locale":"es_ES","og_type":"article","og_title":"Las cronicas del verano 4\u00aa escala: \u00a1el nuevo equilibrio es el desequilibrio! - Spindle","og_description":"Hace unas semanas, una de nuestras clientes nos comparti\u00f3 su cuestionamiento actual: \u201cEn su opini\u00f3n, \u00bfcu\u00e1l es el nuevo equilibrio de las Organizaciones?\u201d. Cuando se le pidi\u00f3 que interviniera sobre este tema, comparti\u00f3 esta pregunta al auditorio para confrontar sus representaciones. Buen reflejo y pregunta curiosa&#8230; pero muy estimulante! Mencionar los nuevos equilibrios en medio [&hellip;]","og_url":"https:\/\/spindle.team\/es\/las-cronicas-del-verano-4a-escala-el-nuevo-equilibrio-es-el-desequilibrio\/","og_site_name":"Spindle","article_published_time":"2019-08-02T00:00:13+00:00","article_modified_time":"2020-05-12T12:10:51+00:00","og_image":[{"width":1830,"height":1125,"url":"https:\/\/spindle.team\/wp-content\/uploads\/2019\/08\/Image2.png","type":"image\/png"}],"author":"Thomas","twitter_card":"summary_large_image","twitter_creator":"@SpindleAgile","twitter_site":"@SpindleAgile","twitter_misc":{"Escrito por":"Thomas","Tiempo de lectura":"3 minutos"},"schema":{"@context":"https:\/\/schema.org","@graph":[{"@type":"Article","@id":"https:\/\/spindle.team\/es\/las-cronicas-del-verano-4a-escala-el-nuevo-equilibrio-es-el-desequilibrio\/#article","isPartOf":{"@id":"https:\/\/spindle.team\/es\/las-cronicas-del-verano-4a-escala-el-nuevo-equilibrio-es-el-desequilibrio\/"},"author":{"name":"Thomas","@id":"https:\/\/spindle.team\/#\/schema\/person\/8f75bbb801059c52a142c244a75f751e"},"headline":"Las cronicas del verano 4\u00aa escala: \u00a1el nuevo equilibrio es el desequilibrio!","datePublished":"2019-08-02T00:00:13+00:00","dateModified":"2020-05-12T12:10:51+00:00","mainEntityOfPage":{"@id":"https:\/\/spindle.team\/es\/las-cronicas-del-verano-4a-escala-el-nuevo-equilibrio-es-el-desequilibrio\/"},"wordCount":621,"commentCount":0,"publisher":{"@id":"https:\/\/spindle.team\/#organization"},"image":{"@id":"https:\/\/spindle.team\/es\/las-cronicas-del-verano-4a-escala-el-nuevo-equilibrio-es-el-desequilibrio\/#primaryimage"},"thumbnailUrl":"https:\/\/spindle.team\/wp-content\/uploads\/2019\/08\/Image2.png","articleSection":["articulo"],"inLanguage":"es"},{"@type":"WebPage","@id":"https:\/\/spindle.team\/es\/las-cronicas-del-verano-4a-escala-el-nuevo-equilibrio-es-el-desequilibrio\/","url":"https:\/\/spindle.team\/es\/las-cronicas-del-verano-4a-escala-el-nuevo-equilibrio-es-el-desequilibrio\/","name":"Las cronicas del verano 4\u00aa escala: \u00a1el nuevo equilibrio es el desequilibrio! - Spindle","isPartOf":{"@id":"https:\/\/spindle.team\/#website"},"primaryImageOfPage":{"@id":"https:\/\/spindle.team\/es\/las-cronicas-del-verano-4a-escala-el-nuevo-equilibrio-es-el-desequilibrio\/#primaryimage"},"image":{"@id":"https:\/\/spindle.team\/es\/las-cronicas-del-verano-4a-escala-el-nuevo-equilibrio-es-el-desequilibrio\/#primaryimage"},"thumbnailUrl":"https:\/\/spindle.team\/wp-content\/uploads\/2019\/08\/Image2.png","datePublished":"2019-08-02T00:00:13+00:00","dateModified":"2020-05-12T12:10:51+00:00","breadcrumb":{"@id":"https:\/\/spindle.team\/es\/las-cronicas-del-verano-4a-escala-el-nuevo-equilibrio-es-el-desequilibrio\/#breadcrumb"},"inLanguage":"es","potentialAction":[{"@type":"ReadAction","target":["https:\/\/spindle.team\/es\/las-cronicas-del-verano-4a-escala-el-nuevo-equilibrio-es-el-desequilibrio\/"]}]},{"@type":"ImageObject","inLanguage":"es","@id":"https:\/\/spindle.team\/es\/las-cronicas-del-verano-4a-escala-el-nuevo-equilibrio-es-el-desequilibrio\/#primaryimage","url":"https:\/\/spindle.team\/wp-content\/uploads\/2019\/08\/Image2.png","contentUrl":"https:\/\/spindle.team\/wp-content\/uploads\/2019\/08\/Image2.png","width":1830,"height":1125},{"@type":"BreadcrumbList","@id":"https:\/\/spindle.team\/es\/las-cronicas-del-verano-4a-escala-el-nuevo-equilibrio-es-el-desequilibrio\/#breadcrumb","itemListElement":[{"@type":"ListItem","position":1,"name":"Accueil","item":"https:\/\/spindle.team\/es\/"},{"@type":"ListItem","position":2,"name":"Las cronicas del verano 4\u00aa escala: \u00a1el nuevo equilibrio es el desequilibrio!"}]},{"@type":"WebSite","@id":"https:\/\/spindle.team\/#website","url":"https:\/\/spindle.team\/","name":"Spindle","description":"agile interactions","publisher":{"@id":"https:\/\/spindle.team\/#organization"},"potentialAction":[{"@type":"SearchAction","target":{"@type":"EntryPoint","urlTemplate":"https:\/\/spindle.team\/?s={search_term_string}"},"query-input":{"@type":"PropertyValueSpecification","valueRequired":true,"valueName":"search_term_string"}}],"inLanguage":"es"},{"@type":"Organization","@id":"https:\/\/spindle.team\/#organization","name":"Spindle","url":"https:\/\/spindle.team\/","logo":{"@type":"ImageObject","inLanguage":"es","@id":"https:\/\/spindle.team\/#\/schema\/logo\/image\/","url":"https:\/\/spindle.team\/wp-content\/uploads\/2020\/09\/newlogo-spindle-1-e1600856111458.png","contentUrl":"https:\/\/spindle.team\/wp-content\/uploads\/2020\/09\/newlogo-spindle-1-e1600856111458.png","width":1200,"height":399,"caption":"Spindle"},"image":{"@id":"https:\/\/spindle.team\/#\/schema\/logo\/image\/"},"sameAs":["https:\/\/x.com\/SpindleAgile","https:\/\/www.linkedin.com\/company\/spindle-agile\/","https:\/\/www.youtube.com\/channel\/UCDC9QfB44OWw0fo86fPCXyg"]},{"@type":"Person","@id":"https:\/\/spindle.team\/#\/schema\/person\/8f75bbb801059c52a142c244a75f751e","name":"Thomas","image":{"@type":"ImageObject","inLanguage":"es","@id":"https:\/\/secure.gravatar.com\/avatar\/7d80e1128f61d46eafefb4bd43fa402c9cc3c2b4031551c1aa6df4ceb0ff7399?s=96&d=mm&r=g","url":"https:\/\/secure.gravatar.com\/avatar\/7d80e1128f61d46eafefb4bd43fa402c9cc3c2b4031551c1aa6df4ceb0ff7399?s=96&d=mm&r=g","contentUrl":"https:\/\/secure.gravatar.com\/avatar\/7d80e1128f61d46eafefb4bd43fa402c9cc3c2b4031551c1aa6df4ceb0ff7399?s=96&d=mm&r=g","caption":"Thomas"}}]}},"_links":{"self":[{"href":"https:\/\/spindle.team\/es\/wp-json\/wp\/v2\/posts\/17016","targetHints":{"allow":["GET"]}}],"collection":[{"href":"https:\/\/spindle.team\/es\/wp-json\/wp\/v2\/posts"}],"about":[{"href":"https:\/\/spindle.team\/es\/wp-json\/wp\/v2\/types\/post"}],"author":[{"embeddable":true,"href":"https:\/\/spindle.team\/es\/wp-json\/wp\/v2\/users\/3"}],"replies":[{"embeddable":true,"href":"https:\/\/spindle.team\/es\/wp-json\/wp\/v2\/comments?post=17016"}],"version-history":[{"count":1,"href":"https:\/\/spindle.team\/es\/wp-json\/wp\/v2\/posts\/17016\/revisions"}],"predecessor-version":[{"id":17142,"href":"https:\/\/spindle.team\/es\/wp-json\/wp\/v2\/posts\/17016\/revisions\/17142"}],"wp:featuredmedia":[{"embeddable":true,"href":"https:\/\/spindle.team\/es\/wp-json\/wp\/v2\/media\/17141"}],"wp:attachment":[{"href":"https:\/\/spindle.team\/es\/wp-json\/wp\/v2\/media?parent=17016"}],"wp:term":[{"taxonomy":"category","embeddable":true,"href":"https:\/\/spindle.team\/es\/wp-json\/wp\/v2\/categories?post=17016"},{"taxonomy":"post_tag","embeddable":true,"href":"https:\/\/spindle.team\/es\/wp-json\/wp\/v2\/tags?post=17016"}],"curies":[{"name":"wp","href":"https:\/\/api.w.org\/{rel}","templated":true}]}}